{"id":121,"date":"2021-03-11T10:00:53","date_gmt":"2021-03-11T09:00:53","guid":{"rendered":"http:\/\/domes-en-choeur.org\/?p=121"},"modified":"2021-03-12T10:43:19","modified_gmt":"2021-03-12T09:43:19","slug":"concert-en-la-sainte-chapelle-de-vic-le-comte-2014","status":"publish","type":"post","link":"https:\/\/domes-en-choeur.org\/index.php\/2021\/03\/11\/concert-en-la-sainte-chapelle-de-vic-le-comte-2014\/","title":{"rendered":"Concert en la Sainte Chapelle de Vic-le-Comte 2014"},"content":{"rendered":"\n<p>Concert donn\u00e9 le 25 avril 2014. Avec Adel Toualbi \u00e0 la direction, Pierre Courthiade \u00e0 l\u2019orgue et Marie-No\u00eblle Cros, soprano.<\/p>\n\n\n\n<figure class=\"wp-block-image size-large\"><img loading=\"lazy\" decoding=\"async\" width=\"987\" height=\"607\" src=\"http:\/\/domes-en-choeur.org\/wp-content\/uploads\/2021\/03\/2014-04-25-vic-le-comte.jpg\" alt=\"\" class=\"wp-image-122\" srcset=\"https:\/\/domes-en-choeur.org\/wp-content\/uploads\/2021\/03\/2014-04-25-vic-le-comte.jpg 987w, https:\/\/domes-en-choeur.org\/wp-content\/uploads\/2021\/03\/2014-04-25-vic-le-comte-300x184.jpg 300w, https:\/\/domes-en-choeur.org\/wp-content\/uploads\/2021\/03\/2014-04-25-vic-le-comte-768x472.jpg 768w\" sizes=\"auto, (max-width: 987px) 100vw, 987px\" \/><\/figure>\n","protected":false},"excerpt":{"rendered":"<p>Concert donn\u00e9 le 25 avril 2014. Avec Adel Toualbi \u00e0 la direction, Pierre Courthiade \u00e0 l\u2019orgue et Marie-No\u00eblle Cros, soprano.<\/p>\n","protected":false},"author":1,"featured_media":0,"comment_status":"closed","ping_status":"closed","sticky":false,"template":"","format":"standard","meta":{"footnotes":""},"categories":[5],"tags":[],"class_list":["post-121","post","type-post","status-publish","format-standard","hentry","category-presse"],"_links":{"self":[{"href":"https:\/\/domes-en-choeur.org\/index.php\/wp-json\/wp\/v2\/posts\/121","targetHints":{"allow":["GET"]}}],"collection":[{"href":"https:\/\/domes-en-choeur.org\/index.php\/wp-json\/wp\/v2\/posts"}],"about":[{"href":"https:\/\/domes-en-choeur.org\/index.php\/wp-json\/wp\/v2\/types\/post"}],"author":[{"embeddable":true,"href":"https:\/\/domes-en-choeur.org\/index.php\/wp-json\/wp\/v2\/users\/1"}],"replies":[{"embeddable":true,"href":"https:\/\/domes-en-choeur.org\/index.php\/wp-json\/wp\/v2\/comments?post=121"}],"version-history":[{"count":1,"href":"https:\/\/domes-en-choeur.org\/index.php\/wp-json\/wp\/v2\/posts\/121\/revisions"}],"predecessor-version":[{"id":123,"href":"https:\/\/domes-en-choeur.org\/index.php\/wp-json\/wp\/v2\/posts\/121\/revisions\/123"}],"wp:attachment":[{"href":"https:\/\/domes-en-choeur.org\/index.php\/wp-json\/wp\/v2\/media?parent=121"}],"wp:term":[{"taxonomy":"category","embeddable":true,"href":"https:\/\/domes-en-choeur.org\/index.php\/wp-json\/wp\/v2\/categories?post=121"},{"taxonomy":"post_tag","embeddable":true,"href":"https:\/\/domes-en-choeur.org\/index.php\/wp-json\/wp\/v2\/tags?post=121"}],"curies":[{"name":"wp","href":"https:\/\/api.w.org\/{rel}","templated":true}]}}